{"id":532,"date":"2019-04-02T08:22:28","date_gmt":"2019-04-02T06:22:28","guid":{"rendered":"https:\/\/digiglu.hivolda.no\/?p=532"},"modified":"2019-04-02T08:22:28","modified_gmt":"2019-04-02T06:22:28","slug":"laeringsverkstad-om-vr-briller-og-virtuelle-reiser-i-skulen","status":"publish","type":"post","link":"https:\/\/digiglu.hivolda.no\/?p=532","title":{"rendered":"L\u00e6ringsverkstad om VR-briller og virtuelle reiser i skulen"},"content":{"rendered":"<p>Ulstein videreg\u00e5ande har brukt VR (Virtual Reality) i faga engelsk, tysk, naturfag, historie, geografi og religion. Dei har investert i VR-briller og router for \u00e5 la elevane kunne tre inn i historiske tider og stader dei elles ikkje ville ha opplevd.<\/p>\n<p>Sveinar Kleive fr\u00e5 Ulstein videreg\u00e5ande fortel at dei bruker VR i undervisninga for \u00e5 kome tettare p\u00e5 det verkelege og skape opplevingar og forst\u00e5ing.<\/p>\n<p><img loading=\"lazy\" decoding=\"async\" class=\"alignnone wp-image-536\" src=\"https:\/\/digiglu.hivolda.no\/wp-content\/uploads\/2019\/04\/VR-briller-300x241.jpg\" alt=\"\" width=\"259\" height=\"208\" srcset=\"https:\/\/digiglu.hivolda.no\/wp-content\/uploads\/2019\/04\/VR-briller-300x241.jpg 300w, https:\/\/digiglu.hivolda.no\/wp-content\/uploads\/2019\/04\/VR-briller-768x617.jpg 768w, https:\/\/digiglu.hivolda.no\/wp-content\/uploads\/2019\/04\/VR-briller-1024x822.jpg 1024w\" sizes=\"(max-width: 259px) 100vw, 259px\" \/>\u00a0<img loading=\"lazy\" decoding=\"async\" class=\"alignnone wp-image-534\" src=\"https:\/\/digiglu.hivolda.no\/wp-content\/uploads\/2019\/04\/Sveinar-Kleive-om-VR-300x193.jpg\" alt=\"\" width=\"323\" height=\"208\" srcset=\"https:\/\/digiglu.hivolda.no\/wp-content\/uploads\/2019\/04\/Sveinar-Kleive-om-VR-300x193.jpg 300w, https:\/\/digiglu.hivolda.no\/wp-content\/uploads\/2019\/04\/Sveinar-Kleive-om-VR-768x494.jpg 768w, https:\/\/digiglu.hivolda.no\/wp-content\/uploads\/2019\/04\/Sveinar-Kleive-om-VR-1024x659.jpg 1024w\" sizes=\"(max-width: 323px) 100vw, 323px\" \/><\/p>\n<p>Dei bruker blant anna YouTube og Google-expedition for \u00e5 finne aktuelle visningar med VR. Nokre av bilda har tekstar med informasjon og forklaringar som l\u00e6raren kan bruke i undervisninga.<\/p>\n<p>P\u00e5 l\u00e6ringsverkstaden ved H\u00f8gskulen i Volda vart det ogs\u00e5 moglegheiter for \u00e5 montere ein rimeleg variant av VR-briller for utpr\u00f8ving.<\/p>\n<p><img loading=\"lazy\" decoding=\"async\" class=\"alignnone wp-image-539\" src=\"https:\/\/digiglu.hivolda.no\/wp-content\/uploads\/2019\/04\/VR-papp-300x213.jpg\" alt=\"\" width=\"282\" height=\"200\" srcset=\"https:\/\/digiglu.hivolda.no\/wp-content\/uploads\/2019\/04\/VR-papp-300x213.jpg 300w, https:\/\/digiglu.hivolda.no\/wp-content\/uploads\/2019\/04\/VR-papp-768x545.jpg 768w, https:\/\/digiglu.hivolda.no\/wp-content\/uploads\/2019\/04\/VR-papp-1024x727.jpg 1024w\" sizes=\"(max-width: 282px) 100vw, 282px\" \/>\u00a0<img loading=\"lazy\" decoding=\"async\" class=\"alignnone wp-image-540\" src=\"https:\/\/digiglu.hivolda.no\/wp-content\/uploads\/2019\/04\/VR-i-papp-300x200.jpg\" alt=\"\" width=\"300\" height=\"200\" srcset=\"https:\/\/digiglu.hivolda.no\/wp-content\/uploads\/2019\/04\/VR-i-papp-300x200.jpg 300w, https:\/\/digiglu.hivolda.no\/wp-content\/uploads\/2019\/04\/VR-i-papp-768x513.jpg 768w, https:\/\/digiglu.hivolda.no\/wp-content\/uploads\/2019\/04\/VR-i-papp-1024x684.jpg 1024w\" sizes=\"(max-width: 300px) 100vw, 300px\" \/><\/p>\n<p>Her kan du sj\u00e5 elevar fr\u00e5 ein dansk skule ta ei tidsreise til opplysningstida med VR-briller:<\/p>\n<p><iframe loading=\"lazy\" src=\"https:\/\/www.youtube.com\/embed\/H_t8CA8gj6Y\" width=\"560\" height=\"315\" frameborder=\"0\" allowfullscreen=\"allowfullscreen\"><\/iframe><\/p>\n<p>&nbsp;<\/p>\n","protected":false},"excerpt":{"rendered":"<p>Ulstein videreg\u00e5ande har brukt VR (Virtual Reality) i faga engelsk, tysk, naturfag, historie, geografi og religion. Dei har investert i VR-briller og router for \u00e5 la elevane kunne tre inn i historiske tider og stader dei elles ikkje ville ha opplevd. Sveinar Kleive fr\u00e5 Ulstein videreg\u00e5ande fortel at dei bruker VR i undervisninga for \u00e5&hellip; <a href=\"https:\/\/digiglu.hivolda.no\/?p=532\" class=\"more-link\">Continue reading <span class=\"screen-reader-text\">L\u00e6ringsverkstad om VR-briller og virtuelle reiser i skulen<\/span><\/a><\/p>\n","protected":false},"author":1,"featured_media":0,"comment_status":"closed","ping_status":"open","sticky":false,"template":"","format":"standard","meta":{"jetpack_post_was_ever_published":false,"_jetpack_newsletter_access":"","_jetpack_dont_email_post_to_subs":false,"_jetpack_newsletter_tier_id":0,"footnotes":"","jetpack_publicize_message":"","jetpack_publicize_feature_enabled":true,"jetpack_social_post_already_shared":true,"jetpack_social_options":{"image_generator_settings":{"template":"highway","enabled":false}}},"categories":[1],"tags":[],"jetpack_publicize_connections":[],"jetpack_featured_media_url":"","jetpack_sharing_enabled":true,"jetpack_shortlink":"https:\/\/wp.me\/pacKQW-8A","_links":{"self":[{"href":"https:\/\/digiglu.hivolda.no\/index.php?rest_route=\/wp\/v2\/posts\/532"}],"collection":[{"href":"https:\/\/digiglu.hivolda.no\/index.php?rest_route=\/wp\/v2\/posts"}],"about":[{"href":"https:\/\/digiglu.hivolda.no\/index.php?rest_route=\/wp\/v2\/types\/post"}],"author":[{"embeddable":true,"href":"https:\/\/digiglu.hivolda.no\/index.php?rest_route=\/wp\/v2\/users\/1"}],"replies":[{"embeddable":true,"href":"https:\/\/digiglu.hivolda.no\/index.php?rest_route=%2Fwp%2Fv2%2Fcomments&post=532"}],"version-history":[{"count":6,"href":"https:\/\/digiglu.hivolda.no\/index.php?rest_route=\/wp\/v2\/posts\/532\/revisions"}],"predecessor-version":[{"id":543,"href":"https:\/\/digiglu.hivolda.no\/index.php?rest_route=\/wp\/v2\/posts\/532\/revisions\/543"}],"wp:attachment":[{"href":"https:\/\/digiglu.hivolda.no\/index.php?rest_route=%2Fwp%2Fv2%2Fmedia&parent=532"}],"wp:term":[{"taxonomy":"category","embeddable":true,"href":"https:\/\/digiglu.hivolda.no\/index.php?rest_route=%2Fwp%2Fv2%2Fcategories&post=532"},{"taxonomy":"post_tag","embeddable":true,"href":"https:\/\/digiglu.hivolda.no\/index.php?rest_route=%2Fwp%2Fv2%2Ftags&post=532"}],"curies":[{"name":"wp","href":"https:\/\/api.w.org\/{rel}","templated":true}]}}